{"id":856,"date":"2026-03-10T19:32:28","date_gmt":"2026-03-10T18:32:28","guid":{"rendered":"https:\/\/immomueller.de\/gb\/?p=856"},"modified":"2026-03-11T10:38:17","modified_gmt":"2026-03-11T09:38:17","slug":"information-zur-strassensperrung-der-l283","status":"publish","type":"post","link":"https:\/\/immomueller.de\/gb\/2026\/03\/10\/information-zur-strassensperrung-der-l283\/","title":{"rendered":"Information zur Stra\u00dfensperrung der L283"},"content":{"rendered":"\n<p>Die Landesstra\u00dfe 283 zwischen Gerstenb\u00fcttel und M\u00fcden (Aller) wird im Bereich Gut Diekhorst wegen Bauarbeiten voll gesperrt.<\/p>\n\n\n\n<p><strong>Zeitraum:<\/strong><br>\ud83d\udcc5 <strong>07.04.2026 \u2013 28.08.2026<\/strong><\/p>\n\n\n\n<p>Grund der Sperrung ist die Sanierung der Br\u00fccke bzw. des Durchlasses des Talgrabens.<\/p>\n\n\n\n<p>Der Verkehr wird w\u00e4hrend der Bauzeit \u00fcber Meinersen und Ahnsen nach M\u00fcden umgeleitet.&nbsp;<\/p>\n\n\n\n<p>Hierbei wurde auch bekannt, dass die Ortsdurchfahrt M\u00fcden (Hauptstra\u00dfe) voraussichtlich in den Jahren 2027\/2028 in drei Bauabschnitten saniert werden soll.<\/p>\n\n\n\n<p><em>Quelle: B\u00fcrgermeister Timm Bu\u00dfmann<\/em><\/p>\n\n\n\n<p>Umleitungsplan:<\/p>\n\n\n\n<figure class=\"wp-block-image size-large\"><img loading=\"lazy\" decoding=\"async\" width=\"819\" height=\"1024\" src=\"https:\/\/immomueller.de\/gb\/wp-content\/uploads\/2026\/03\/650078940_1299644122215443_3734954424063123838_n-819x1024.jpg\" alt=\"\" class=\"wp-image-857\" srcset=\"https:\/\/immomueller.de\/gb\/wp-content\/uploads\/2026\/03\/650078940_1299644122215443_3734954424063123838_n-819x1024.jpg 819w, https:\/\/immomueller.de\/gb\/wp-content\/uploads\/2026\/03\/650078940_1299644122215443_3734954424063123838_n-240x300.jpg 240w, https:\/\/immomueller.de\/gb\/wp-content\/uploads\/2026\/03\/650078940_1299644122215443_3734954424063123838_n-768x960.jpg 768w, https:\/\/immomueller.de\/gb\/wp-content\/uploads\/2026\/03\/650078940_1299644122215443_3734954424063123838_n.jpg 862w\" sizes=\"auto, (max-width: 819px) 100vw, 819px\" \/><\/figure>\n","protected":false},"excerpt":{"rendered":"<p>Die Landesstra\u00dfe 283 zwischen Gerstenb\u00fcttel und M\u00fcden (Aller) wird im Bereich Gut Diekhorst wegen Bauarbeiten voll gesperrt. Zeitraum:\ud83d\udcc5 07.04.2026 \u2013 28.08.2026 Grund der Sperrung ist die Sanierung der Br\u00fccke bzw. des Durchlasses des Talgrabens. Der Verkehr wird w\u00e4hrend der Bauzeit \u00fcber Meinersen und Ahnsen nach M\u00fcden umgeleitet.&nbsp; Hierbei wurde auch bekannt, dass die Ortsdurchfahrt M\u00fcden [&hellip;]<\/p>\n","protected":false},"author":1,"featured_media":0,"comment_status":"open","ping_status":"open","sticky":false,"template":"","format":"standard","meta":{"footnotes":""},"categories":[1],"tags":[],"class_list":["post-856","post","type-post","status-publish","format-standard","hentry","category-allgemein"],"_links":{"self":[{"href":"https:\/\/immomueller.de\/gb\/wp-json\/wp\/v2\/posts\/856","targetHints":{"allow":["GET"]}}],"collection":[{"href":"https:\/\/immomueller.de\/gb\/wp-json\/wp\/v2\/posts"}],"about":[{"href":"https:\/\/immomueller.de\/gb\/wp-json\/wp\/v2\/types\/post"}],"author":[{"embeddable":true,"href":"https:\/\/immomueller.de\/gb\/wp-json\/wp\/v2\/users\/1"}],"replies":[{"embeddable":true,"href":"https:\/\/immomueller.de\/gb\/wp-json\/wp\/v2\/comments?post=856"}],"version-history":[{"count":2,"href":"https:\/\/immomueller.de\/gb\/wp-json\/wp\/v2\/posts\/856\/revisions"}],"predecessor-version":[{"id":859,"href":"https:\/\/immomueller.de\/gb\/wp-json\/wp\/v2\/posts\/856\/revisions\/859"}],"wp:attachment":[{"href":"https:\/\/immomueller.de\/gb\/wp-json\/wp\/v2\/media?parent=856"}],"wp:term":[{"taxonomy":"category","embeddable":true,"href":"https:\/\/immomueller.de\/gb\/wp-json\/wp\/v2\/categories?post=856"},{"taxonomy":"post_tag","embeddable":true,"href":"https:\/\/immomueller.de\/gb\/wp-json\/wp\/v2\/tags?post=856"}],"curies":[{"name":"wp","href":"https:\/\/api.w.org\/{rel}","templated":true}]}}