{"id":853,"date":"2026-03-06T22:57:22","date_gmt":"2026-03-06T21:57:22","guid":{"rendered":"https:\/\/immomueller.de\/gb\/?p=853"},"modified":"2026-03-08T23:00:31","modified_gmt":"2026-03-08T22:00:31","slug":"einladung-zum-osterfeuer-in-gerstenbuettel-%f0%9f%94%a5","status":"publish","type":"post","link":"https:\/\/immomueller.de\/gb\/2026\/03\/06\/einladung-zum-osterfeuer-in-gerstenbuettel-%f0%9f%94%a5\/","title":{"rendered":"Einladung zum Osterfeuer in Gerstenb\u00fcttel \ud83d\udd25"},"content":{"rendered":"\n<p>Die Dorfjugend Gerstenb\u00fcttel l\u00e4dt herzlich zum diesj\u00e4hrigen Osterfeuer ein.<br>Start: Am <strong>Samstag, den 04.04.2026 ab 19 Uhr auf dem Festplatz in Gerstenb\u00fcttel<\/strong>.<\/p>\n\n\n\n<p>Brennmaterial kann <strong>ab dem 27.03.<\/strong> angeliefert werden. Es sollten ausschlie\u00dflich <strong>naturbelassene Stoffe<\/strong> verwendet werden \u2013 bitte <strong>keine Wurzeln oder Abf\u00e4lle<\/strong>.<\/p>\n\n\n\n<p>F\u00fcr <strong>Essen und Getr\u00e4nke<\/strong> ist wie gewohnt ausreichend gesorgt.<\/p>\n\n\n\n<p>Die Dorfjugend freut sich auf viele Besucher und einen sch\u00f6nen gemeinsamen Abend im Dorf.<\/p>\n\n\n\n<figure class=\"wp-block-image size-large is-resized\"><img loading=\"lazy\" decoding=\"async\" width=\"708\" height=\"1024\" src=\"https:\/\/immomueller.de\/gb\/wp-content\/uploads\/2026\/03\/20260306_165912-708x1024.jpg\" alt=\"\" class=\"wp-image-854\" style=\"width:599px;height:auto\" srcset=\"https:\/\/immomueller.de\/gb\/wp-content\/uploads\/2026\/03\/20260306_165912-708x1024.jpg 708w, https:\/\/immomueller.de\/gb\/wp-content\/uploads\/2026\/03\/20260306_165912-207x300.jpg 207w, https:\/\/immomueller.de\/gb\/wp-content\/uploads\/2026\/03\/20260306_165912-768x1111.jpg 768w, https:\/\/immomueller.de\/gb\/wp-content\/uploads\/2026\/03\/20260306_165912-1062x1536.jpg 1062w, https:\/\/immomueller.de\/gb\/wp-content\/uploads\/2026\/03\/20260306_165912-1416x2048.jpg 1416w, https:\/\/immomueller.de\/gb\/wp-content\/uploads\/2026\/03\/20260306_165912-scaled.jpg 1770w\" sizes=\"auto, (max-width: 708px) 100vw, 708px\" \/><\/figure>\n","protected":false},"excerpt":{"rendered":"<p>Die Dorfjugend Gerstenb\u00fcttel l\u00e4dt herzlich zum diesj\u00e4hrigen Osterfeuer ein.Start: Am Samstag, den 04.04.2026 ab 19 Uhr auf dem Festplatz in Gerstenb\u00fcttel. Brennmaterial kann ab dem 27.03. angeliefert werden. Es sollten ausschlie\u00dflich naturbelassene Stoffe verwendet werden \u2013 bitte keine Wurzeln oder Abf\u00e4lle. F\u00fcr Essen und Getr\u00e4nke ist wie gewohnt ausreichend gesorgt. Die Dorfjugend freut sich auf [&hellip;]<\/p>\n","protected":false},"author":1,"featured_media":0,"comment_status":"open","ping_status":"open","sticky":false,"template":"","format":"standard","meta":{"footnotes":""},"categories":[1],"tags":[],"class_list":["post-853","post","type-post","status-publish","format-standard","hentry","category-allgemein"],"_links":{"self":[{"href":"https:\/\/immomueller.de\/gb\/wp-json\/wp\/v2\/posts\/853","targetHints":{"allow":["GET"]}}],"collection":[{"href":"https:\/\/immomueller.de\/gb\/wp-json\/wp\/v2\/posts"}],"about":[{"href":"https:\/\/immomueller.de\/gb\/wp-json\/wp\/v2\/types\/post"}],"author":[{"embeddable":true,"href":"https:\/\/immomueller.de\/gb\/wp-json\/wp\/v2\/users\/1"}],"replies":[{"embeddable":true,"href":"https:\/\/immomueller.de\/gb\/wp-json\/wp\/v2\/comments?post=853"}],"version-history":[{"count":1,"href":"https:\/\/immomueller.de\/gb\/wp-json\/wp\/v2\/posts\/853\/revisions"}],"predecessor-version":[{"id":855,"href":"https:\/\/immomueller.de\/gb\/wp-json\/wp\/v2\/posts\/853\/revisions\/855"}],"wp:attachment":[{"href":"https:\/\/immomueller.de\/gb\/wp-json\/wp\/v2\/media?parent=853"}],"wp:term":[{"taxonomy":"category","embeddable":true,"href":"https:\/\/immomueller.de\/gb\/wp-json\/wp\/v2\/categories?post=853"},{"taxonomy":"post_tag","embeddable":true,"href":"https:\/\/immomueller.de\/gb\/wp-json\/wp\/v2\/tags?post=853"}],"curies":[{"name":"wp","href":"https:\/\/api.w.org\/{rel}","templated":true}]}}