{"id":850,"date":"2026-02-26T17:09:33","date_gmt":"2026-02-26T16:09:33","guid":{"rendered":"https:\/\/immomueller.de\/gb\/?p=850"},"modified":"2026-02-26T17:09:33","modified_gmt":"2026-02-26T16:09:33","slug":"aktueller-stand-zur-strasse-im-wildgarten-und-hopfengarten","status":"publish","type":"post","link":"https:\/\/immomueller.de\/gb\/2026\/02\/26\/aktueller-stand-zur-strasse-im-wildgarten-und-hopfengarten\/","title":{"rendered":"Aktueller Stand zur Stra\u00dfe \u201eIm Wildgarten\u201c und \u201eHopfengarten\u201c"},"content":{"rendered":"\n<p>Nach unserem Schreiben an die Gemeinde und Samtgemeinde im Dezember hat sich ein Mitarbeiter der Samtgemeinde zur\u00fcckgemeldet und \u00fcber den aktuellen Sachstand informiert.<\/p>\n\n\n\n<h3 class=\"wp-block-heading\">Tempo-30-Zone<\/h3>\n\n\n\n<p>Die Einrichtung einer <strong>Tempo-30-Zone im Bereich \u201eIm Wildgarten\u201c<\/strong> und in der Stra\u00dfe \u201eHopfengarten\u201c wurden genehmigt.<br>Die entsprechenden Verkehrsschilder wurden am <strong>25.02.2026 aufgestellt<\/strong>.<\/p>\n\n\n\n<p>Wir freuen uns, dass dieser Schritt zur Verkehrsberuhigung zeitnah umgesetzt wurde und bedanken uns bei der Verwaltung f\u00fcr die Bearbeitung.<\/p>\n\n\n\n<h3 class=\"wp-block-heading\">Zustand der Stra\u00dfenr\u00e4nder<\/h3>\n\n\n\n<p>Die Themen<\/p>\n\n\n\n<ul class=\"wp-block-list\">\n<li><strong>Stra\u00dfe \u201eIm Wildgarten\u201c &#8211; Breite und Stra\u00dfenr\u00e4nder<\/strong><\/li>\n\n\n\n<li><strong>Stra\u00dfe \u201eHopfengarten\u201c &#8211; Stra\u00dfenr\u00e4nder<\/strong><\/li>\n<\/ul>\n\n\n\n<p>werden bei der n\u00e4chsten Sitzung der <strong>Wegebaukommission im Fr\u00fchjahr<\/strong> vor Ort begutachtet.<\/p>\n\n\n\n<p><br>Anschlie\u00dfend wird ein L\u00f6sungsvorschlag erarbeitet und dem Verwaltungsausschuss bzw. dem Rat der Gemeinde M\u00fcden (Aller) zur weiteren Beschlussfassung vorgelegt.<\/p>\n\n\n\n<p>Wir halten euch \u00fcber die weiteren Entwicklungen auf dem Laufenden.<\/p>\n","protected":false},"excerpt":{"rendered":"<p>Nach unserem Schreiben an die Gemeinde und Samtgemeinde im Dezember hat sich ein Mitarbeiter der Samtgemeinde zur\u00fcckgemeldet und \u00fcber den aktuellen Sachstand informiert. Tempo-30-Zone Die Einrichtung einer Tempo-30-Zone im Bereich \u201eIm Wildgarten\u201c und in der Stra\u00dfe \u201eHopfengarten\u201c wurden genehmigt.Die entsprechenden Verkehrsschilder wurden am 25.02.2026 aufgestellt. Wir freuen uns, dass dieser Schritt zur Verkehrsberuhigung zeitnah umgesetzt [&hellip;]<\/p>\n","protected":false},"author":1,"featured_media":0,"comment_status":"open","ping_status":"open","sticky":false,"template":"","format":"standard","meta":{"footnotes":""},"categories":[1],"tags":[],"class_list":["post-850","post","type-post","status-publish","format-standard","hentry","category-allgemein"],"_links":{"self":[{"href":"https:\/\/immomueller.de\/gb\/wp-json\/wp\/v2\/posts\/850","targetHints":{"allow":["GET"]}}],"collection":[{"href":"https:\/\/immomueller.de\/gb\/wp-json\/wp\/v2\/posts"}],"about":[{"href":"https:\/\/immomueller.de\/gb\/wp-json\/wp\/v2\/types\/post"}],"author":[{"embeddable":true,"href":"https:\/\/immomueller.de\/gb\/wp-json\/wp\/v2\/users\/1"}],"replies":[{"embeddable":true,"href":"https:\/\/immomueller.de\/gb\/wp-json\/wp\/v2\/comments?post=850"}],"version-history":[{"count":1,"href":"https:\/\/immomueller.de\/gb\/wp-json\/wp\/v2\/posts\/850\/revisions"}],"predecessor-version":[{"id":851,"href":"https:\/\/immomueller.de\/gb\/wp-json\/wp\/v2\/posts\/850\/revisions\/851"}],"wp:attachment":[{"href":"https:\/\/immomueller.de\/gb\/wp-json\/wp\/v2\/media?parent=850"}],"wp:term":[{"taxonomy":"category","embeddable":true,"href":"https:\/\/immomueller.de\/gb\/wp-json\/wp\/v2\/categories?post=850"},{"taxonomy":"post_tag","embeddable":true,"href":"https:\/\/immomueller.de\/gb\/wp-json\/wp\/v2\/tags?post=850"}],"curies":[{"name":"wp","href":"https:\/\/api.w.org\/{rel}","templated":true}]}}