{"id":845,"date":"2026-02-11T10:47:29","date_gmt":"2026-02-11T09:47:29","guid":{"rendered":"https:\/\/immomueller.de\/gb\/?p=845"},"modified":"2026-02-11T11:04:56","modified_gmt":"2026-02-11T10:04:56","slug":"brueckenneubau-auf-der-l283-nach-mueden","status":"publish","type":"post","link":"https:\/\/immomueller.de\/gb\/2026\/02\/11\/brueckenneubau-auf-der-l283-nach-mueden\/","title":{"rendered":"Br\u00fcckenneubau auf der L283 nach M\u00fcden"},"content":{"rendered":"\n<p>Wer regelm\u00e4\u00dfig zwischen Gerstenb\u00fcttel und M\u00fcden (Aller) unterwegs ist, muss sich in n\u00e4chster Zeit auf Einschr\u00e4nkungen einstellen. Die Br\u00fccke \u00fcber den <strong>Allerflutgraben<\/strong> im Zuge der <strong>L283<\/strong> wird komplett erneuert.<\/p>\n\n\n\n<h3 class=\"wp-block-heading\">Die wichtigsten Fakten zum Bauvorhaben:<\/h3>\n\n\n\n<ul class=\"wp-block-list\">\n<li><strong>Zeitraum:<\/strong> Die Arbeiten sollen im <strong>2. und 3. Quartal 2026<\/strong> stattfinden.<\/li>\n\n\n\n<li><strong>Dauer:<\/strong> Es wird mit einer Bauzeit von etwa <strong>f\u00fcnf Monaten<\/strong> gerechnet.<\/li>\n\n\n\n<li><strong>Investition:<\/strong> Die Baukosten belaufen sich auf rund <strong>1,3 Millionen Euro<\/strong>.<\/li>\n\n\n\n<li><strong>Finanzierung:<\/strong> Das Projekt wird aus dem Sonderverm\u00f6gen des Bundes finanziert.<\/li>\n<\/ul>\n\n\n\n<h3 class=\"wp-block-heading\">Umwege einplanen<\/h3>\n\n\n\n<p>Aufgrund des Neubaus wird die direkte Verbindung \u00fcber die Br\u00fccke voll gesperrt. F\u00fcr den Verkehr bedeutet dies, dass ein Umweg nach M\u00fcden unumg\u00e4nglich ist. Ortskundige und Pendler sollten entsprechend mehr Zeit f\u00fcr ihre Fahrten einplanen.<\/p>\n\n\n\n<p>Sobald genauere Informationen zu den offiziellen Umleitungsstrecken vorliegen, werden wir euch hier auf dem Laufenden halten.<\/p>\n\n\n\n<p><em>Quelle: WAZ Online<\/em>: <a href=\"https:\/\/www.waz-online.de\/lokales\/newsletter-neue-bruecken-braucht-das-land-wohnmobilkauf-vor-gericht-K7GDZJIVIRG6ZBZUWEYBWYR5IA.html\" target=\"_blank\" rel=\"noreferrer noopener\">Artikel vom 11.02.2026<\/a> <\/p>\n\n\n\n<p><\/p>\n","protected":false},"excerpt":{"rendered":"<p>Wer regelm\u00e4\u00dfig zwischen Gerstenb\u00fcttel und M\u00fcden (Aller) unterwegs ist, muss sich in n\u00e4chster Zeit auf Einschr\u00e4nkungen einstellen. Die Br\u00fccke \u00fcber den Allerflutgraben im Zuge der L283 wird komplett erneuert. Die wichtigsten Fakten zum Bauvorhaben: Umwege einplanen Aufgrund des Neubaus wird die direkte Verbindung \u00fcber die Br\u00fccke voll gesperrt. F\u00fcr den Verkehr bedeutet dies, dass ein [&hellip;]<\/p>\n","protected":false},"author":1,"featured_media":0,"comment_status":"open","ping_status":"open","sticky":false,"template":"","format":"standard","meta":{"footnotes":""},"categories":[1],"tags":[],"class_list":["post-845","post","type-post","status-publish","format-standard","hentry","category-allgemein"],"_links":{"self":[{"href":"https:\/\/immomueller.de\/gb\/wp-json\/wp\/v2\/posts\/845","targetHints":{"allow":["GET"]}}],"collection":[{"href":"https:\/\/immomueller.de\/gb\/wp-json\/wp\/v2\/posts"}],"about":[{"href":"https:\/\/immomueller.de\/gb\/wp-json\/wp\/v2\/types\/post"}],"author":[{"embeddable":true,"href":"https:\/\/immomueller.de\/gb\/wp-json\/wp\/v2\/users\/1"}],"replies":[{"embeddable":true,"href":"https:\/\/immomueller.de\/gb\/wp-json\/wp\/v2\/comments?post=845"}],"version-history":[{"count":3,"href":"https:\/\/immomueller.de\/gb\/wp-json\/wp\/v2\/posts\/845\/revisions"}],"predecessor-version":[{"id":848,"href":"https:\/\/immomueller.de\/gb\/wp-json\/wp\/v2\/posts\/845\/revisions\/848"}],"wp:attachment":[{"href":"https:\/\/immomueller.de\/gb\/wp-json\/wp\/v2\/media?parent=845"}],"wp:term":[{"taxonomy":"category","embeddable":true,"href":"https:\/\/immomueller.de\/gb\/wp-json\/wp\/v2\/categories?post=845"},{"taxonomy":"post_tag","embeddable":true,"href":"https:\/\/immomueller.de\/gb\/wp-json\/wp\/v2\/tags?post=845"}],"curies":[{"name":"wp","href":"https:\/\/api.w.org\/{rel}","templated":true}]}}