{"id":832,"date":"2025-12-19T21:52:30","date_gmt":"2025-12-19T20:52:30","guid":{"rendered":"https:\/\/immomueller.de\/gb\/?p=832"},"modified":"2025-12-20T11:47:50","modified_gmt":"2025-12-20T10:47:50","slug":"einweihungsfeier-dorfplatz-im-wildgarten","status":"publish","type":"post","link":"https:\/\/immomueller.de\/gb\/2025\/12\/19\/einweihungsfeier-dorfplatz-im-wildgarten\/","title":{"rendered":"Einweihungsfeier Dorfplatz &#8222;Im Wildgarten&#8220;"},"content":{"rendered":"\n<p>Heute fand die offizielle Einweihung des neuen Dorfplatzes <strong>\u201eIm Wildgarten\u201c<\/strong> statt. Zahlreiche Dorfbewohner nutzten die Gelegenheit, den neuen Treffpunkt gemeinsam einzuweihen und einen sch\u00f6nen vorweihnachtlichen Abend miteinander zu verbringen.<\/p>\n\n\n\n<p>Zur Einweihung konnten wir auch G\u00e4ste aus Verwaltung und Planung begr\u00fc\u00dfen. Anwesend waren der <strong>Gemeindedirektor Lutz Hesse<\/strong>, der <strong>B\u00fcrgermeister Timm Bu\u00dfmann<\/strong> sowie die Mitarbeiterinnen des Planungsb\u00fcros <strong>Natur und Mensch<\/strong>, <strong>Silke Kreihe<\/strong> und <strong>Anika Schr\u00f6der<\/strong>, die an der Planung des Dorfplatzes beteiligt waren.<\/p>\n\n\n\n<p>Ein besonderer Dank gilt <strong>Volker Wohlenberg<\/strong>, der mit gro\u00dfem Einsatz viele Holzarbeiten \u00fcbernommen hat und die Dach- sowie Dachrinnenarbeiten hervorragend vorbereitet hat. Ebenso bedanken wir uns bei <strong>Michael Kramp (Michi)<\/strong> und <strong>Volker Wohlenberg<\/strong> f\u00fcr das Bereitstellen von Werkzeug, ohne das viele Arbeiten nicht so reibungslos m\u00f6glich gewesen w\u00e4ren.<\/p>\n\n\n\n<p>F\u00fcr das leibliche Wohl sorgten <strong>Marita und Nina Gilhaus<\/strong>, die die Verpflegung bei den Arbeiten organisiert haben. Bei Temperaturen um den Gefrierpunkt brachte <strong>Manfred Heuer (Manni)<\/strong> zus\u00e4tzlich Gl\u00fchwein vorbei und trug damit zur gem\u00fctlichen Atmosph\u00e4re bei. <\/p>\n\n\n\n<p>Am heutigen Abend wurden Bratw\u00fcrste sowie warme Getr\u00e4nke wie Gl\u00fchwein, Punsch und Tee angeboten. Vielen Dank an Axel G\u00e4rtner f\u00fcr das bereitstellen des Grills und das Grillen der W\u00fcrste.<\/p>\n\n\n\n<p>Abgerundet wurde die Einweihung durch gemeinsames <strong>Singen von Weihnachtsliedern<\/strong>, was dem Abend eine besonders sch\u00f6ne und stimmungsvolle Note verlieh. Hier nochmals einen herzlichen Dank an Hartmut Denzer f\u00fcr die Moderation und f\u00fcr das Anstimmen der Lieder.<\/p>\n\n\n\n<p>Die Dorfgemeinschaft bedankt sich bei allen Helfern sowie bei allen G\u00e4sten, die diesen Abend zu einem gelungenen Abschluss f\u00fcr ein gemeinschaftliches Projekt gemacht haben.<\/p>\n\n\n\n<p>Die Dorfgemeinschaft w\u00fcrde sich freuen, wenn man das <strong>Weihnachtssingen am Dorfplatz k\u00fcnftig als feste Tradition<\/strong> etablieren w\u00fcrde. Geplant ist, diese Zusammenkunft <strong>jedes Jahr am Freitag vor dem vierten Advent<\/strong> auf dem Dorfplatz stattfinden zu lassen. Damit soll der Dorfplatz auch in Zukunft ein Ort der Begegnung und des gemeinschaftlichen Miteinanders bleiben.<\/p>\n\n\n\n<p>Wir w\u00fcnschen allen ein frohes Weihnachtsfest und einen guten Rutsch in das neue Jahr!<\/p>\n\n\n\n<style id=\"bwg-style-0\">    #bwg_container1_0 #bwg_container2_0 .bwg-container-0.bwg-standard-thumbnails {      width: 2504px;              justify-content: center;        margin:0 auto !important;              background-color: rgba(255, 255, 255, 0.00);            padding-left: 4px;      padding-top: 4px;      max-width: 100%;            }        #bwg_container1_0 #bwg_container2_0 .bwg-container-0.bwg-standard-thumbnails .bwg-item {    justify-content: flex-start;      max-width: 250px;          }    #bwg_container1_0 #bwg_container2_0 .bwg-container-0.bwg-standard-thumbnails .bwg-item a {       margin-right: 4px;       margin-bottom: 4px;    }    #bwg_container1_0 #bwg_container2_0 .bwg-container-0.bwg-standard-thumbnails .bwg-item0 {      padding: 0px;            background-color:rgba(0,0,0, 0.30);      border: 0px none #CCCCCC;      opacity: 1.00;      border-radius: 0;      box-shadow: ;    }    #bwg_container1_0 #bwg_container2_0 .bwg-container-0.bwg-standard-thumbnails .bwg-item1 img {      max-height: none;      max-width: none;      padding: 0 !important;    }         @media only screen and (min-width: 480px) {\t\t#bwg_container1_0 #bwg_container2_0 .bwg-container-0.bwg-standard-thumbnails .bwg-item1 img {\t\t\t-webkit-transition: all .3s; transition: all .3s;\t\t}\t\t#bwg_container1_0 #bwg_container2_0 .bwg-container-0.bwg-standard-thumbnails .bwg-item1 img:hover {\t\t\t-ms-transform: scale(1.08);\t\t\t-webkit-transform: scale(1.08);\t\t\ttransform: scale(1.08);\t\t}\t\t\t\t.bwg-standard-thumbnails .bwg-zoom-effect .bwg-zoom-effect-overlay {\t\t\t\t\t\tbackground-color:rgba(0,0,0, 0.3);\t\t}\t\t.bwg-standard-thumbnails .bwg-zoom-effect:hover img {\t\t\t-ms-transform: scale(1.08);\t\t\t-webkit-transform: scale(1.08);\t\t\ttransform: scale(1.08);\t\t}\t\t      }\t    #bwg_container1_0 #bwg_container2_0 .bwg-container-0.bwg-standard-thumbnails .bwg-item1 {      padding-top: 56%;    }        #bwg_container1_0 #bwg_container2_0 .bwg-container-0.bwg-standard-thumbnails .bwg-title1 {      position: absolute;      top: 0;      z-index: 100;      width: 100%;      height: 100%;      display: flex;      justify-content: center;      align-content: center;      flex-direction: column;      opacity: 0;    }\t      #bwg_container1_0 #bwg_container2_0 .bwg-container-0.bwg-standard-thumbnails .bwg-title2,    #bwg_container1_0 #bwg_container2_0 .bwg-container-0.bwg-standard-thumbnails .bwg-ecommerce2 {      color: #FFFFFF;      font-family: Ubuntu;      font-size: 16px;      font-weight: bold;      padding: 2px;      text-shadow: ;      max-height: 100%;    }    #bwg_container1_0 #bwg_container2_0 .bwg-container-0.bwg-standard-thumbnails .bwg-thumb-description span {    color: #323A45;    font-family: Ubuntu;    font-size: 12px;    max-height: 100%;    word-wrap: break-word;    }    #bwg_container1_0 #bwg_container2_0 .bwg-container-0.bwg-standard-thumbnails .bwg-play-icon2 {      font-size: 32px;    }    #bwg_container1_0 #bwg_container2_0 .bwg-container-0.bwg-standard-thumbnails .bwg-ecommerce2 {      font-size: 19.2px;      color: #323A45;    }    <\/style>    <div id=\"bwg_container1_0\"         class=\"bwg_container bwg_thumbnail bwg_thumbnails \"         data-right-click-protection=\"0\"         data-bwg=\"0\"         data-scroll=\"0\"         data-gallery-type=\"thumbnails\"         data-gallery-view-type=\"thumbnails\"         data-current-url=\"\/gb\/wp-json\/wp\/v2\/posts\/832\"         data-lightbox-url=\"https:\/\/immomueller.de\/gb\/wp-admin\/admin-ajax.php?action=GalleryBox&#038;current_view=0&#038;gallery_id=49&#038;tag=0&#038;theme_id=1&#038;shortcode_id=75&#038;sort_by=order&#038;order_by=asc&#038;current_url=%2Fgb%2Fwp-json%2Fwp%2Fv2%2Fposts%2F832\"         data-gallery-id=\"49\"         data-popup-width=\"800\"         data-popup-height=\"500\"         data-is-album=\"gallery\"         data-buttons-position=\"bottom\">      <div id=\"bwg_container2_0\">             <div id=\"ajax_loading_0\" class=\"bwg_loading_div_1\">      <div class=\"bwg_loading_div_2\">        <div class=\"bwg_loading_div_3\">          <div id=\"loading_div_0\" class=\"bwg_spider_ajax_loading\">          <\/div>        <\/div>      <\/div>    <\/div>            <form id=\"gal_front_form_0\"              class=\"bwg-hidden\"              method=\"post\"              action=\"#\"              data-current=\"0\"              data-shortcode-id=\"75\"              data-gallery-type=\"thumbnails\"              data-gallery-id=\"49\"              data-tag=\"0\"              data-album-id=\"0\"              data-theme-id=\"1\"              data-ajax-url=\"https:\/\/immomueller.de\/gb\/wp-admin\/admin-ajax.php?action=bwg_frontend_data\">          <div id=\"bwg_container3_0\" class=\"bwg-background bwg-background-0\">                <div data-max-count=\"10\"         data-thumbnail-width=\"250\"         data-bwg=\"0\"         data-gallery-id=\"49\"         data-lightbox-url=\"https:\/\/immomueller.de\/gb\/wp-admin\/admin-ajax.php?action=GalleryBox&amp;current_view=0&amp;gallery_id=49&amp;tag=0&amp;theme_id=1&amp;shortcode_id=75&amp;sort_by=order&amp;order_by=asc&amp;current_url=%2Fgb%2Fwp-json%2Fwp%2Fv2%2Fposts%2F832\"         id=\"bwg_thumbnails_0\"         class=\"bwg-container-0 bwg-thumbnails bwg-standard-thumbnails bwg-container bwg-border-box\">            <div class=\"bwg-item\">        <a class=\"bwg-a  bwg_lightbox\"  data-image-id=\"386\" href=\"https:\/\/immomueller.de\/gb\/wp-content\/uploads\/photo-gallery\/2025-12-19_Dorfplatz_Einweihung\/IMG-20251220-WA0001.jpg?bwg=1766227811\" data-elementor-open-lightbox=\"no\">                <div class=\"bwg-item0 \">          <div class=\"bwg-item1 bwg-zoom-effect\">            <div class=\"bwg-item2\">              <img decoding=\"async\" class=\"skip-lazy bwg_standart_thumb_img_0 \"                   data-id=\"386\"                   data-width=\"500.00\"                   data-height=\"375.00\"                   data-src=\"https:\/\/immomueller.de\/gb\/wp-content\/uploads\/photo-gallery\/2025-12-19_Dorfplatz_Einweihung\/thumb\/IMG-20251220-WA0001.jpg?bwg=1766227811\"                   src=\"https:\/\/immomueller.de\/gb\/wp-content\/uploads\/photo-gallery\/2025-12-19_Dorfplatz_Einweihung\/thumb\/IMG-20251220-WA0001.jpg?bwg=1766227811\"                   alt=\"2025-12-19 Einweihung Dorfplatz\"                   title=\"2025-12-19 Einweihung Dorfplatz\" \/>            <\/div>            <div class=\"bwg-zoom-effect-overlay\">              <div class=\"bwg-title1\"><div class=\"bwg-title2\">2025-12-19 Einweihung Dorfplatz<\/div><\/div>                                        <\/div>          <\/div>        <\/div>                        <\/a>              <\/div>            <div class=\"bwg-item\">        <a class=\"bwg-a  bwg_lightbox\"  data-image-id=\"387\" href=\"https:\/\/immomueller.de\/gb\/wp-content\/uploads\/photo-gallery\/2025-12-19_Dorfplatz_Einweihung\/IMG-20251220-WA0002.jpg?bwg=1766227811\" data-elementor-open-lightbox=\"no\">                <div class=\"bwg-item0 \">          <div class=\"bwg-item1 bwg-zoom-effect\">            <div class=\"bwg-item2\">              <img decoding=\"async\" class=\"skip-lazy bwg_standart_thumb_img_0 \"                   data-id=\"387\"                   data-width=\"500.00\"                   data-height=\"375.00\"                   data-src=\"https:\/\/immomueller.de\/gb\/wp-content\/uploads\/photo-gallery\/2025-12-19_Dorfplatz_Einweihung\/thumb\/IMG-20251220-WA0002.jpg?bwg=1766227811\"                   src=\"https:\/\/immomueller.de\/gb\/wp-content\/uploads\/photo-gallery\/2025-12-19_Dorfplatz_Einweihung\/thumb\/IMG-20251220-WA0002.jpg?bwg=1766227811\"                   alt=\"2025-12-19 Einweihung Dorfplatz\"                   title=\"2025-12-19 Einweihung Dorfplatz\" \/>            <\/div>            <div class=\"bwg-zoom-effect-overlay\">              <div class=\"bwg-title1\"><div class=\"bwg-title2\">2025-12-19 Einweihung Dorfplatz<\/div><\/div>                                        <\/div>          <\/div>        <\/div>                        <\/a>              <\/div>            <div class=\"bwg-item\">        <a class=\"bwg-a  bwg_lightbox\"  data-image-id=\"388\" href=\"https:\/\/immomueller.de\/gb\/wp-content\/uploads\/photo-gallery\/2025-12-19_Dorfplatz_Einweihung\/IMG-20251220-WA0005.jpg?bwg=1766227811\" data-elementor-open-lightbox=\"no\">                <div class=\"bwg-item0 \">          <div class=\"bwg-item1 bwg-zoom-effect\">            <div class=\"bwg-item2\">              <img decoding=\"async\" class=\"skip-lazy bwg_standart_thumb_img_0 \"                   data-id=\"388\"                   data-width=\"500.00\"                   data-height=\"375.00\"                   data-src=\"https:\/\/immomueller.de\/gb\/wp-content\/uploads\/photo-gallery\/2025-12-19_Dorfplatz_Einweihung\/thumb\/IMG-20251220-WA0005.jpg?bwg=1766227811\"                   src=\"https:\/\/immomueller.de\/gb\/wp-content\/uploads\/photo-gallery\/2025-12-19_Dorfplatz_Einweihung\/thumb\/IMG-20251220-WA0005.jpg?bwg=1766227811\"                   alt=\"2025-12-19 Einweihung Dorfplatz\"                   title=\"2025-12-19 Einweihung Dorfplatz\" \/>            <\/div>            <div class=\"bwg-zoom-effect-overlay\">              <div class=\"bwg-title1\"><div class=\"bwg-title2\">2025-12-19 Einweihung Dorfplatz<\/div><\/div>                                        <\/div>          <\/div>        <\/div>                        <\/a>              <\/div>            <div class=\"bwg-item\">        <a class=\"bwg-a  bwg_lightbox\"  data-image-id=\"389\" href=\"https:\/\/immomueller.de\/gb\/wp-content\/uploads\/photo-gallery\/2025-12-19_Dorfplatz_Einweihung\/IMG-20251220-WA0006.jpg?bwg=1766227811\" data-elementor-open-lightbox=\"no\">                <div class=\"bwg-item0 \">          <div class=\"bwg-item1 bwg-zoom-effect\">            <div class=\"bwg-item2\">              <img decoding=\"async\" class=\"skip-lazy bwg_standart_thumb_img_0 \"                   data-id=\"389\"                   data-width=\"500.00\"                   data-height=\"375.00\"                   data-src=\"https:\/\/immomueller.de\/gb\/wp-content\/uploads\/photo-gallery\/2025-12-19_Dorfplatz_Einweihung\/thumb\/IMG-20251220-WA0006.jpg?bwg=1766227811\"                   src=\"https:\/\/immomueller.de\/gb\/wp-content\/uploads\/photo-gallery\/2025-12-19_Dorfplatz_Einweihung\/thumb\/IMG-20251220-WA0006.jpg?bwg=1766227811\"                   alt=\"2025-12-19 Einweihung Dorfplatz\"                   title=\"2025-12-19 Einweihung Dorfplatz\" \/>            <\/div>            <div class=\"bwg-zoom-effect-overlay\">              <div class=\"bwg-title1\"><div class=\"bwg-title2\">2025-12-19 Einweihung Dorfplatz<\/div><\/div>                                        <\/div>          <\/div>        <\/div>                        <\/a>              <\/div>            <div class=\"bwg-item\">        <a class=\"bwg-a  bwg_lightbox\"  data-image-id=\"390\" href=\"https:\/\/immomueller.de\/gb\/wp-content\/uploads\/photo-gallery\/2025-12-19_Dorfplatz_Einweihung\/IMG-20251220-WA0003.jpg?bwg=1766227811\" data-elementor-open-lightbox=\"no\">                <div class=\"bwg-item0 \">          <div class=\"bwg-item1 bwg-zoom-effect\">            <div class=\"bwg-item2\">              <img decoding=\"async\" class=\"skip-lazy bwg_standart_thumb_img_0 \"                   data-id=\"390\"                   data-width=\"500.00\"                   data-height=\"375.00\"                   data-src=\"https:\/\/immomueller.de\/gb\/wp-content\/uploads\/photo-gallery\/2025-12-19_Dorfplatz_Einweihung\/thumb\/IMG-20251220-WA0003.jpg?bwg=1766227811\"                   src=\"https:\/\/immomueller.de\/gb\/wp-content\/uploads\/photo-gallery\/2025-12-19_Dorfplatz_Einweihung\/thumb\/IMG-20251220-WA0003.jpg?bwg=1766227811\"                   alt=\"2025-12-19 Einweihung Dorfplatz\"                   title=\"2025-12-19 Einweihung Dorfplatz\" \/>            <\/div>            <div class=\"bwg-zoom-effect-overlay\">              <div class=\"bwg-title1\"><div class=\"bwg-title2\">2025-12-19 Einweihung Dorfplatz<\/div><\/div>                                        <\/div>          <\/div>        <\/div>                        <\/a>              <\/div>            <div class=\"bwg-item\">        <a class=\"bwg-a  bwg_lightbox\"  data-image-id=\"391\" href=\"https:\/\/immomueller.de\/gb\/wp-content\/uploads\/photo-gallery\/2025-12-19_Dorfplatz_Einweihung\/IMG-20251220-WA0007.jpg?bwg=1766227811\" data-elementor-open-lightbox=\"no\">                <div class=\"bwg-item0 \">          <div class=\"bwg-item1 bwg-zoom-effect\">            <div class=\"bwg-item2\">              <img decoding=\"async\" class=\"skip-lazy bwg_standart_thumb_img_0 \"                   data-id=\"391\"                   data-width=\"500.00\"                   data-height=\"375.00\"                   data-src=\"https:\/\/immomueller.de\/gb\/wp-content\/uploads\/photo-gallery\/2025-12-19_Dorfplatz_Einweihung\/thumb\/IMG-20251220-WA0007.jpg?bwg=1766227811\"                   src=\"https:\/\/immomueller.de\/gb\/wp-content\/uploads\/photo-gallery\/2025-12-19_Dorfplatz_Einweihung\/thumb\/IMG-20251220-WA0007.jpg?bwg=1766227811\"                   alt=\"2025-12-19 Einweihung Dorfplatz\"                   title=\"2025-12-19 Einweihung Dorfplatz\" \/>            <\/div>            <div class=\"bwg-zoom-effect-overlay\">              <div class=\"bwg-title1\"><div class=\"bwg-title2\">2025-12-19 Einweihung Dorfplatz<\/div><\/div>                                        <\/div>          <\/div>        <\/div>                        <\/a>              <\/div>            <div class=\"bwg-item\">        <a class=\"bwg-a  bwg_lightbox\"  data-image-id=\"392\" href=\"https:\/\/immomueller.de\/gb\/wp-content\/uploads\/photo-gallery\/2025-12-19_Dorfplatz_Einweihung\/IMG-20251220-WA0008.jpg?bwg=1766227811\" data-elementor-open-lightbox=\"no\">                <div class=\"bwg-item0 \">          <div class=\"bwg-item1 bwg-zoom-effect\">            <div class=\"bwg-item2\">              <img decoding=\"async\" class=\"skip-lazy bwg_standart_thumb_img_0 \"                   data-id=\"392\"                   data-width=\"500.00\"                   data-height=\"375.00\"                   data-src=\"https:\/\/immomueller.de\/gb\/wp-content\/uploads\/photo-gallery\/2025-12-19_Dorfplatz_Einweihung\/thumb\/IMG-20251220-WA0008.jpg?bwg=1766227811\"                   src=\"https:\/\/immomueller.de\/gb\/wp-content\/uploads\/photo-gallery\/2025-12-19_Dorfplatz_Einweihung\/thumb\/IMG-20251220-WA0008.jpg?bwg=1766227811\"                   alt=\"2025-12-19 Einweihung Dorfplatz\"                   title=\"2025-12-19 Einweihung Dorfplatz\" \/>            <\/div>            <div class=\"bwg-zoom-effect-overlay\">              <div class=\"bwg-title1\"><div class=\"bwg-title2\">2025-12-19 Einweihung Dorfplatz<\/div><\/div>                                        <\/div>          <\/div>        <\/div>                        <\/a>              <\/div>            <div class=\"bwg-item\">        <a class=\"bwg-a  bwg_lightbox\"  data-image-id=\"393\" href=\"https:\/\/immomueller.de\/gb\/wp-content\/uploads\/photo-gallery\/2025-12-19_Dorfplatz_Einweihung\/IMG-20251220-WA0009.jpg?bwg=1766227811\" data-elementor-open-lightbox=\"no\">                <div class=\"bwg-item0 \">          <div class=\"bwg-item1 bwg-zoom-effect\">            <div class=\"bwg-item2\">              <img decoding=\"async\" class=\"skip-lazy bwg_standart_thumb_img_0 \"                   data-id=\"393\"                   data-width=\"500.00\"                   data-height=\"375.00\"                   data-src=\"https:\/\/immomueller.de\/gb\/wp-content\/uploads\/photo-gallery\/2025-12-19_Dorfplatz_Einweihung\/thumb\/IMG-20251220-WA0009.jpg?bwg=1766227811\"                   src=\"https:\/\/immomueller.de\/gb\/wp-content\/uploads\/photo-gallery\/2025-12-19_Dorfplatz_Einweihung\/thumb\/IMG-20251220-WA0009.jpg?bwg=1766227811\"                   alt=\"2025-12-19 Einweihung Dorfplatz\"                   title=\"2025-12-19 Einweihung Dorfplatz\" \/>            <\/div>            <div class=\"bwg-zoom-effect-overlay\">              <div class=\"bwg-title1\"><div class=\"bwg-title2\">2025-12-19 Einweihung Dorfplatz<\/div><\/div>                                        <\/div>          <\/div>        <\/div>                        <\/a>              <\/div>            <div class=\"bwg-item\">        <a class=\"bwg-a  bwg_lightbox\"  data-image-id=\"376\" href=\"https:\/\/immomueller.de\/gb\/wp-content\/uploads\/photo-gallery\/2025-12-19_Dorfplatz_Einweihung\/20251219_153143.jpg?bwg=1766177108\" data-elementor-open-lightbox=\"no\">                <div class=\"bwg-item0 \">          <div class=\"bwg-item1 bwg-zoom-effect\">            <div class=\"bwg-item2\">              <img decoding=\"async\" class=\"skip-lazy bwg_standart_thumb_img_0 \"                   data-id=\"376\"                   data-width=\"500.00\"                   data-height=\"375.00\"                   data-src=\"https:\/\/immomueller.de\/gb\/wp-content\/uploads\/photo-gallery\/2025-12-19_Dorfplatz_Einweihung\/thumb\/20251219_153143.jpg?bwg=1766177108\"                   src=\"https:\/\/immomueller.de\/gb\/wp-content\/uploads\/photo-gallery\/2025-12-19_Dorfplatz_Einweihung\/thumb\/20251219_153143.jpg?bwg=1766177108\"                   alt=\"2025-12-19 Einweihung Dorfplatz\"                   title=\"2025-12-19 Einweihung Dorfplatz\" \/>            <\/div>            <div class=\"bwg-zoom-effect-overlay\">              <div class=\"bwg-title1\"><div class=\"bwg-title2\">2025-12-19 Einweihung Dorfplatz<\/div><\/div>                                        <\/div>          <\/div>        <\/div>                        <\/a>              <\/div>            <div class=\"bwg-item\">        <a class=\"bwg-a  bwg_lightbox\"  data-image-id=\"377\" href=\"https:\/\/immomueller.de\/gb\/wp-content\/uploads\/photo-gallery\/2025-12-19_Dorfplatz_Einweihung\/20251219_153204.jpg?bwg=1766177108\" data-elementor-open-lightbox=\"no\">                <div class=\"bwg-item0 \">          <div class=\"bwg-item1 bwg-zoom-effect\">            <div class=\"bwg-item2\">              <img decoding=\"async\" class=\"skip-lazy bwg_standart_thumb_img_0 \"                   data-id=\"377\"                   data-width=\"500.00\"                   data-height=\"375.00\"                   data-src=\"https:\/\/immomueller.de\/gb\/wp-content\/uploads\/photo-gallery\/2025-12-19_Dorfplatz_Einweihung\/thumb\/20251219_153204.jpg?bwg=1766177108\"                   src=\"https:\/\/immomueller.de\/gb\/wp-content\/uploads\/photo-gallery\/2025-12-19_Dorfplatz_Einweihung\/thumb\/20251219_153204.jpg?bwg=1766177108\"                   alt=\"2025-12-19 Einweihung Dorfplatz\"                   title=\"2025-12-19 Einweihung Dorfplatz\" \/>            <\/div>            <div class=\"bwg-zoom-effect-overlay\">              <div class=\"bwg-title1\"><div class=\"bwg-title2\">2025-12-19 Einweihung Dorfplatz<\/div><\/div>                                        <\/div>          <\/div>        <\/div>                        <\/a>              <\/div>            <div class=\"bwg-item\">        <a class=\"bwg-a  bwg_lightbox\"  data-image-id=\"374\" href=\"https:\/\/immomueller.de\/gb\/wp-content\/uploads\/photo-gallery\/2025-12-19_Dorfplatz_Einweihung\/20251219_163711.jpg?bwg=1766177108\" data-elementor-open-lightbox=\"no\">                <div class=\"bwg-item0 \">          <div class=\"bwg-item1 bwg-zoom-effect\">            <div class=\"bwg-item2\">              <img decoding=\"async\" class=\"skip-lazy bwg_standart_thumb_img_0 \"                   data-id=\"374\"                   data-width=\"500.00\"                   data-height=\"375.00\"                   data-src=\"https:\/\/immomueller.de\/gb\/wp-content\/uploads\/photo-gallery\/2025-12-19_Dorfplatz_Einweihung\/thumb\/20251219_163711.jpg?bwg=1766177108\"                   src=\"https:\/\/immomueller.de\/gb\/wp-content\/uploads\/photo-gallery\/2025-12-19_Dorfplatz_Einweihung\/thumb\/20251219_163711.jpg?bwg=1766177108\"                   alt=\"2025-12-19 Einweihung Dorfplatz\"                   title=\"2025-12-19 Einweihung Dorfplatz\" \/>            <\/div>            <div class=\"bwg-zoom-effect-overlay\">              <div class=\"bwg-title1\"><div class=\"bwg-title2\">2025-12-19 Einweihung Dorfplatz<\/div><\/div>                                        <\/div>          <\/div>        <\/div>                        <\/a>              <\/div>            <div class=\"bwg-item\">        <a class=\"bwg-a  bwg_lightbox\"  data-image-id=\"375\" href=\"https:\/\/immomueller.de\/gb\/wp-content\/uploads\/photo-gallery\/2025-12-19_Dorfplatz_Einweihung\/20251219_163721.jpg?bwg=1766177108\" data-elementor-open-lightbox=\"no\">                <div class=\"bwg-item0 \">          <div class=\"bwg-item1 bwg-zoom-effect\">            <div class=\"bwg-item2\">              <img decoding=\"async\" class=\"skip-lazy bwg_standart_thumb_img_0 \"                   data-id=\"375\"                   data-width=\"500.00\"                   data-height=\"375.00\"                   data-src=\"https:\/\/immomueller.de\/gb\/wp-content\/uploads\/photo-gallery\/2025-12-19_Dorfplatz_Einweihung\/thumb\/20251219_163721.jpg?bwg=1766177108\"                   src=\"https:\/\/immomueller.de\/gb\/wp-content\/uploads\/photo-gallery\/2025-12-19_Dorfplatz_Einweihung\/thumb\/20251219_163721.jpg?bwg=1766177108\"                   alt=\"2025-12-19 Einweihung Dorfplatz\"                   title=\"2025-12-19 Einweihung Dorfplatz\" \/>            <\/div>            <div class=\"bwg-zoom-effect-overlay\">              <div class=\"bwg-title1\"><div class=\"bwg-title2\">2025-12-19 Einweihung Dorfplatz<\/div><\/div>                                        <\/div>          <\/div>        <\/div>                        <\/a>              <\/div>            <div class=\"bwg-item\">        <a class=\"bwg-a  bwg_lightbox\"  data-image-id=\"378\" href=\"https:\/\/immomueller.de\/gb\/wp-content\/uploads\/photo-gallery\/2025-12-19_Dorfplatz_Einweihung\/20251219_181846.jpg?bwg=1766177108\" data-elementor-open-lightbox=\"no\">                <div class=\"bwg-item0 \">          <div class=\"bwg-item1 bwg-zoom-effect\">            <div class=\"bwg-item2\">              <img decoding=\"async\" class=\"skip-lazy bwg_standart_thumb_img_0 \"                   data-id=\"378\"                   data-width=\"500.00\"                   data-height=\"375.00\"                   data-src=\"https:\/\/immomueller.de\/gb\/wp-content\/uploads\/photo-gallery\/2025-12-19_Dorfplatz_Einweihung\/thumb\/20251219_181846.jpg?bwg=1766177108\"                   src=\"https:\/\/immomueller.de\/gb\/wp-content\/uploads\/photo-gallery\/2025-12-19_Dorfplatz_Einweihung\/thumb\/20251219_181846.jpg?bwg=1766177108\"                   alt=\"2025-12-19 Einweihung Dorfplatz\"                   title=\"2025-12-19 Einweihung Dorfplatz\" \/>            <\/div>            <div class=\"bwg-zoom-effect-overlay\">              <div class=\"bwg-title1\"><div class=\"bwg-title2\">2025-12-19 Einweihung Dorfplatz<\/div><\/div>                                        <\/div>          <\/div>        <\/div>                        <\/a>              <\/div>            <div class=\"bwg-item\">        <a class=\"bwg-a  bwg_lightbox\"  data-image-id=\"379\" href=\"https:\/\/immomueller.de\/gb\/wp-content\/uploads\/photo-gallery\/2025-12-19_Dorfplatz_Einweihung\/20251219_181634.jpg?bwg=1766177108\" data-elementor-open-lightbox=\"no\">                <div class=\"bwg-item0 \">          <div class=\"bwg-item1 bwg-zoom-effect\">            <div class=\"bwg-item2\">              <img decoding=\"async\" class=\"skip-lazy bwg_standart_thumb_img_0 \"                   data-id=\"379\"                   data-width=\"500.00\"                   data-height=\"375.00\"                   data-src=\"https:\/\/immomueller.de\/gb\/wp-content\/uploads\/photo-gallery\/2025-12-19_Dorfplatz_Einweihung\/thumb\/20251219_181634.jpg?bwg=1766177108\"                   src=\"https:\/\/immomueller.de\/gb\/wp-content\/uploads\/photo-gallery\/2025-12-19_Dorfplatz_Einweihung\/thumb\/20251219_181634.jpg?bwg=1766177108\"                   alt=\"2025-12-19 Einweihung Dorfplatz\"                   title=\"2025-12-19 Einweihung Dorfplatz\" \/>            <\/div>            <div class=\"bwg-zoom-effect-overlay\">              <div class=\"bwg-title1\"><div class=\"bwg-title2\">2025-12-19 Einweihung Dorfplatz<\/div><\/div>                                        <\/div>          <\/div>        <\/div>                        <\/a>              <\/div>            <div class=\"bwg-item\">        <a class=\"bwg-a  bwg_lightbox\"  data-image-id=\"380\" href=\"https:\/\/immomueller.de\/gb\/wp-content\/uploads\/photo-gallery\/2025-12-19_Dorfplatz_Einweihung\/20251219_181651.jpg?bwg=1766177108\" data-elementor-open-lightbox=\"no\">                <div class=\"bwg-item0 \">          <div class=\"bwg-item1 bwg-zoom-effect\">            <div class=\"bwg-item2\">              <img decoding=\"async\" class=\"skip-lazy bwg_standart_thumb_img_0 \"                   data-id=\"380\"                   data-width=\"500.00\"                   data-height=\"375.00\"                   data-src=\"https:\/\/immomueller.de\/gb\/wp-content\/uploads\/photo-gallery\/2025-12-19_Dorfplatz_Einweihung\/thumb\/20251219_181651.jpg?bwg=1766177108\"                   src=\"https:\/\/immomueller.de\/gb\/wp-content\/uploads\/photo-gallery\/2025-12-19_Dorfplatz_Einweihung\/thumb\/20251219_181651.jpg?bwg=1766177108\"                   alt=\"2025-12-19 Einweihung Dorfplatz\"                   title=\"2025-12-19 Einweihung Dorfplatz\" \/>            <\/div>            <div class=\"bwg-zoom-effect-overlay\">              <div class=\"bwg-title1\"><div class=\"bwg-title2\">2025-12-19 Einweihung Dorfplatz<\/div><\/div>                                        <\/div>          <\/div>        <\/div>                        <\/a>              <\/div>            <div class=\"bwg-item\">        <a class=\"bwg-a  bwg_lightbox\"  data-image-id=\"381\" href=\"https:\/\/immomueller.de\/gb\/wp-content\/uploads\/photo-gallery\/2025-12-19_Dorfplatz_Einweihung\/20251219_181721.jpg?bwg=1766177108\" data-elementor-open-lightbox=\"no\">                <div class=\"bwg-item0 \">          <div class=\"bwg-item1 bwg-zoom-effect\">            <div class=\"bwg-item2\">              <img decoding=\"async\" class=\"skip-lazy bwg_standart_thumb_img_0 \"                   data-id=\"381\"                   data-width=\"500.00\"                   data-height=\"375.00\"                   data-src=\"https:\/\/immomueller.de\/gb\/wp-content\/uploads\/photo-gallery\/2025-12-19_Dorfplatz_Einweihung\/thumb\/20251219_181721.jpg?bwg=1766177108\"                   src=\"https:\/\/immomueller.de\/gb\/wp-content\/uploads\/photo-gallery\/2025-12-19_Dorfplatz_Einweihung\/thumb\/20251219_181721.jpg?bwg=1766177108\"                   alt=\"2025-12-19 Einweihung Dorfplatz\"                   title=\"2025-12-19 Einweihung Dorfplatz\" \/>            <\/div>            <div class=\"bwg-zoom-effect-overlay\">              <div class=\"bwg-title1\"><div class=\"bwg-title2\">2025-12-19 Einweihung Dorfplatz<\/div><\/div>                                        <\/div>          <\/div>        <\/div>                        <\/a>              <\/div>            <div class=\"bwg-item\">        <a class=\"bwg-a  bwg_lightbox\"  data-image-id=\"382\" href=\"https:\/\/immomueller.de\/gb\/wp-content\/uploads\/photo-gallery\/2025-12-19_Dorfplatz_Einweihung\/20251219_181713.jpg?bwg=1766177108\" data-elementor-open-lightbox=\"no\">                <div class=\"bwg-item0 \">          <div class=\"bwg-item1 bwg-zoom-effect\">            <div class=\"bwg-item2\">              <img decoding=\"async\" class=\"skip-lazy bwg_standart_thumb_img_0 \"                   data-id=\"382\"                   data-width=\"500.00\"                   data-height=\"375.00\"                   data-src=\"https:\/\/immomueller.de\/gb\/wp-content\/uploads\/photo-gallery\/2025-12-19_Dorfplatz_Einweihung\/thumb\/20251219_181713.jpg?bwg=1766177108\"                   src=\"https:\/\/immomueller.de\/gb\/wp-content\/uploads\/photo-gallery\/2025-12-19_Dorfplatz_Einweihung\/thumb\/20251219_181713.jpg?bwg=1766177108\"                   alt=\"2025-12-19 Einweihung Dorfplatz\"                   title=\"2025-12-19 Einweihung Dorfplatz\" \/>            <\/div>            <div class=\"bwg-zoom-effect-overlay\">              <div class=\"bwg-title1\"><div class=\"bwg-title2\">2025-12-19 Einweihung Dorfplatz<\/div><\/div>                                        <\/div>          <\/div>        <\/div>                        <\/a>              <\/div>            <div class=\"bwg-item\">        <a class=\"bwg-a  bwg_lightbox\"  data-image-id=\"383\" href=\"https:\/\/immomueller.de\/gb\/wp-content\/uploads\/photo-gallery\/2025-12-19_Dorfplatz_Einweihung\/20251219_181700.jpg?bwg=1766177108\" data-elementor-open-lightbox=\"no\">                <div class=\"bwg-item0 \">          <div class=\"bwg-item1 bwg-zoom-effect\">            <div class=\"bwg-item2\">              <img decoding=\"async\" class=\"skip-lazy bwg_standart_thumb_img_0 \"                   data-id=\"383\"                   data-width=\"500.00\"                   data-height=\"375.00\"                   data-src=\"https:\/\/immomueller.de\/gb\/wp-content\/uploads\/photo-gallery\/2025-12-19_Dorfplatz_Einweihung\/thumb\/20251219_181700.jpg?bwg=1766177108\"                   src=\"https:\/\/immomueller.de\/gb\/wp-content\/uploads\/photo-gallery\/2025-12-19_Dorfplatz_Einweihung\/thumb\/20251219_181700.jpg?bwg=1766177108\"                   alt=\"2025-12-19 Einweihung Dorfplatz\"                   title=\"2025-12-19 Einweihung Dorfplatz\" \/>            <\/div>            <div class=\"bwg-zoom-effect-overlay\">              <div class=\"bwg-title1\"><div class=\"bwg-title2\">2025-12-19 Einweihung Dorfplatz<\/div><\/div>                                        <\/div>          <\/div>        <\/div>                        <\/a>              <\/div>            <div class=\"bwg-item\">        <a class=\"bwg-a  bwg_lightbox\"  data-image-id=\"384\" href=\"https:\/\/immomueller.de\/gb\/wp-content\/uploads\/photo-gallery\/2025-12-19_Dorfplatz_Einweihung\/20251219_181832.jpg?bwg=1766177108\" data-elementor-open-lightbox=\"no\">                <div class=\"bwg-item0 \">          <div class=\"bwg-item1 bwg-zoom-effect\">            <div class=\"bwg-item2\">              <img decoding=\"async\" class=\"skip-lazy bwg_standart_thumb_img_0 \"                   data-id=\"384\"                   data-width=\"500.00\"                   data-height=\"375.00\"                   data-src=\"https:\/\/immomueller.de\/gb\/wp-content\/uploads\/photo-gallery\/2025-12-19_Dorfplatz_Einweihung\/thumb\/20251219_181832.jpg?bwg=1766177108\"                   src=\"https:\/\/immomueller.de\/gb\/wp-content\/uploads\/photo-gallery\/2025-12-19_Dorfplatz_Einweihung\/thumb\/20251219_181832.jpg?bwg=1766177108\"                   alt=\"2025-12-19 Einweihung Dorfplatz\"                   title=\"2025-12-19 Einweihung Dorfplatz\" \/>            <\/div>            <div class=\"bwg-zoom-effect-overlay\">              <div class=\"bwg-title1\"><div class=\"bwg-title2\">2025-12-19 Einweihung Dorfplatz<\/div><\/div>                                        <\/div>          <\/div>        <\/div>                        <\/a>              <\/div>            <div class=\"bwg-item\">        <a class=\"bwg-a  bwg_lightbox\"  data-image-id=\"385\" href=\"https:\/\/immomueller.de\/gb\/wp-content\/uploads\/photo-gallery\/2025-12-19_Dorfplatz_Einweihung\/20251219_181839.jpg?bwg=1766177108\" data-elementor-open-lightbox=\"no\">                <div class=\"bwg-item0 \">          <div class=\"bwg-item1 bwg-zoom-effect\">            <div class=\"bwg-item2\">              <img decoding=\"async\" class=\"skip-lazy bwg_standart_thumb_img_0 \"                   data-id=\"385\"                   data-width=\"500.00\"                   data-height=\"375.00\"                   data-src=\"https:\/\/immomueller.de\/gb\/wp-content\/uploads\/photo-gallery\/2025-12-19_Dorfplatz_Einweihung\/thumb\/20251219_181839.jpg?bwg=1766177108\"                   src=\"https:\/\/immomueller.de\/gb\/wp-content\/uploads\/photo-gallery\/2025-12-19_Dorfplatz_Einweihung\/thumb\/20251219_181839.jpg?bwg=1766177108\"                   alt=\"2025-12-19 Einweihung Dorfplatz\"                   title=\"2025-12-19 Einweihung Dorfplatz\" \/>            <\/div>            <div class=\"bwg-zoom-effect-overlay\">              <div class=\"bwg-title1\"><div class=\"bwg-title2\">2025-12-19 Einweihung Dorfplatz<\/div><\/div>                                        <\/div>          <\/div>        <\/div>                        <\/a>              <\/div>          <\/div>    <style>      \/*pagination styles*\/      #bwg_container1_0 #bwg_container2_0 .tablenav-pages_0 {\t\t\t\ttext-align: center;\t\t\t\tfont-size: 12px;\t\t\t\tfont-family: Ubuntu;\t\t\t\tfont-weight: bold;\t\t\t\tcolor: #666666;\t\t\t\tmargin: 6px 0 4px;\t\t\t\tdisplay: block;      }      @media only screen and (max-width : 320px) {      #bwg_container1_0 #bwg_container2_0 .displaying-num_0 {     \t display: none;      }      }      #bwg_container1_0 #bwg_container2_0 .displaying-num_0 {\t\t\t\tfont-size: 12px;\t\t\t\tfont-family: Ubuntu;\t\t\t\tfont-weight: bold;\t\t\t\tcolor: #666666;\t\t\t\tmargin-right: 10px;\t\t\t\tvertical-align: middle;      }      #bwg_container1_0 #bwg_container2_0 .paging-input_0 {\t\t\t\tfont-size: 12px;\t\t\t\tfont-family: Ubuntu;\t\t\t\tfont-weight: bold;\t\t\t\tcolor: #666666;\t\t\t\tvertical-align: middle;      }      #bwg_container1_0 #bwg_container2_0 .tablenav-pages_0 a.disabled,      #bwg_container1_0 #bwg_container2_0 .tablenav-pages_0 a.disabled:hover,      #bwg_container1_0 #bwg_container2_0 .tablenav-pages_0 a.disabled:focus,\t\t\t#bwg_container1_0 #bwg_container2_0 .tablenav-pages_0 input.bwg_current_page {\t\t\t\tcursor: default;\t\t\t\tcolor: rgba(102, 102, 102, 0.5);      }      #bwg_container1_0 #bwg_container2_0 .tablenav-pages_0 a,      #bwg_container1_0 #bwg_container2_0 .tablenav-pages_0 input.bwg_current_page {\t\t\t\tcursor: pointer;\t\t\t\ttext-align: center;\t\t\t\tfont-size: 12px;\t\t\t\tfont-family: Ubuntu;\t\t\t\tfont-weight: bold;\t\t\t\tcolor: #666666;\t\t\t\ttext-decoration: none;\t\t\t\tpadding: 3px 6px;\t\t\t\tmargin: 0;\t\t\t\tborder-radius: 0;\t\t\t\tborder-style: solid;\t\t\t\tborder-width: 1px;\t\t\t\tborder-color: #E3E3E3;\t\t\t\t\t\t\t\tbackground-color: rgba(255, 255, 255, 1.00);\t\t\t\tbox-shadow: 0;\t\t\t\ttransition: all 0.3s ease 0s;-webkit-transition: all 0.3s ease 0s;      }      <\/style>      <span class=\"bwg_nav_cont_0\">              <div class=\"tablenav-pages_0\">                  <\/div>                <input type=\"hidden\" id=\"page_number_0\" name=\"page_number_0\" value=\"1\" \/>      <script type=\"text\/javascript\">        if( jQuery('.bwg_nav_cont_0').length > 1 ) {          jQuery('.bwg_nav_cont_0').first().remove()        }        function spider_page_0(cur, x, y, load_more) {          if (typeof load_more == \"undefined\") {            var load_more = false;          }          if (jQuery(cur).hasClass('disabled')) {            return false;          }          var items_county_0 = 1;          switch (y) {            case 1:              if (x >= items_county_0) {                document.getElementById('page_number_0').value = items_county_0;              }              else {                document.getElementById('page_number_0').value = x + 1;              }              break;            case 2:              document.getElementById('page_number_0').value = items_county_0;              break;            case -1:              if (x == 1) {                document.getElementById('page_number_0').value = 1;              }              else {                document.getElementById('page_number_0').value = x - 1;              }              break;            case -2:              document.getElementById('page_number_0').value = 1;              break;\t\t\t\t\t\tcase 0:              document.getElementById('page_number_0').value = x;              break;            default:              document.getElementById('page_number_0').value = 1;          }          bwg_ajax('gal_front_form_0', '0', 'bwg_thumbnails_0', '0', '', 'gallery', 0, '', '', load_more, '', 1);        }                    jQuery('.first-page-0').on('click', function () {              spider_page_0(this, 1, -2, 'numeric');              return false;            });            jQuery('.prev-page-0').on('click', function () {              spider_page_0(this, 1, -1, 'numeric');              return false;            });            jQuery('.next-page-0').on('click', function () {              spider_page_0(this, 1, 1, 'numeric');              return false;            });            jQuery('.last-page-0').on('click', function () {              spider_page_0(this, 1, 2, 'numeric');              return false;            });        \t\t\t\t\/* Change page on input enter. *\/        function bwg_change_page_0( e, that ) {          if (  e.key == 'Enter' ) {            var to_page = parseInt(jQuery(that).val());            var pages_count = jQuery(that).parents(\".pagination-links\").data(\"pages-count\");            var current_url_param = jQuery(that).attr('data-url-info');            if (to_page > pages_count) {              to_page = 1;            }\t \t\t\t\t\t\t\t\t\t\t\t\tspider_page_0(this, to_page, 0, 'numeric');\t\t\t\t\t\t\treturn false;\t\t\t\t\t\t          }          return true;        }        jQuery('.bwg_load_btn_0').on('click', function () {            spider_page_0(this, 1, 1, true);            return false;        });      <\/script>      <\/span>                <\/div>        <\/form>        <style>          #bwg_container1_0 #bwg_container2_0 #spider_popup_overlay_0 {          background-color: #EEEEEE;          opacity: 0.60;          }          <\/style>        <div id=\"bwg_spider_popup_loading_0\" class=\"bwg_spider_popup_loading\"><\/div>        <div id=\"spider_popup_overlay_0\" class=\"spider_popup_overlay\" onclick=\"spider_destroypopup(1000)\"><\/div>        <input type=\"hidden\" id=\"bwg_random_seed_0\" value=\"946873039\">                <\/div>    <\/div>    <script>      if (document.readyState === 'complete') {        if( typeof bwg_main_ready == 'function' ) {          if ( jQuery(\"#bwg_container1_0\").height() ) {            bwg_main_ready(jQuery(\"#bwg_container1_0\"));          }        }      } else {        document.addEventListener('DOMContentLoaded', function() {          if( typeof bwg_main_ready == 'function' ) {            if ( jQuery(\"#bwg_container1_0\").height() ) {             bwg_main_ready(jQuery(\"#bwg_container1_0\"));            }          }        });      }    <\/script>    \n","protected":false},"excerpt":{"rendered":"<p>Heute fand die offizielle Einweihung des neuen Dorfplatzes \u201eIm Wildgarten\u201c statt. Zahlreiche Dorfbewohner nutzten die Gelegenheit, den neuen Treffpunkt gemeinsam einzuweihen und einen sch\u00f6nen vorweihnachtlichen Abend miteinander zu verbringen. Zur Einweihung konnten wir auch G\u00e4ste aus Verwaltung und Planung begr\u00fc\u00dfen. Anwesend waren der Gemeindedirektor Lutz Hesse, der B\u00fcrgermeister Timm Bu\u00dfmann sowie die Mitarbeiterinnen des Planungsb\u00fcros [&hellip;]<\/p>\n","protected":false},"author":1,"featured_media":0,"comment_status":"open","ping_status":"open","sticky":false,"template":"","format":"standard","meta":{"footnotes":""},"categories":[1],"tags":[],"class_list":["post-832","post","type-post","status-publish","format-standard","hentry","category-allgemein"],"_links":{"self":[{"href":"https:\/\/immomueller.de\/gb\/wp-json\/wp\/v2\/posts\/832","targetHints":{"allow":["GET"]}}],"collection":[{"href":"https:\/\/immomueller.de\/gb\/wp-json\/wp\/v2\/posts"}],"about":[{"href":"https:\/\/immomueller.de\/gb\/wp-json\/wp\/v2\/types\/post"}],"author":[{"embeddable":true,"href":"https:\/\/immomueller.de\/gb\/wp-json\/wp\/v2\/users\/1"}],"replies":[{"embeddable":true,"href":"https:\/\/immomueller.de\/gb\/wp-json\/wp\/v2\/comments?post=832"}],"version-history":[{"count":5,"href":"https:\/\/immomueller.de\/gb\/wp-json\/wp\/v2\/posts\/832\/revisions"}],"predecessor-version":[{"id":838,"href":"https:\/\/immomueller.de\/gb\/wp-json\/wp\/v2\/posts\/832\/revisions\/838"}],"wp:attachment":[{"href":"https:\/\/immomueller.de\/gb\/wp-json\/wp\/v2\/media?parent=832"}],"wp:term":[{"taxonomy":"category","embeddable":true,"href":"https:\/\/immomueller.de\/gb\/wp-json\/wp\/v2\/categories?post=832"},{"taxonomy":"post_tag","embeddable":true,"href":"https:\/\/immomueller.de\/gb\/wp-json\/wp\/v2\/tags?post=832"}],"curies":[{"name":"wp","href":"https:\/\/api.w.org\/{rel}","templated":true}]}}