{"id":647,"date":"2024-10-08T18:35:50","date_gmt":"2024-10-08T16:35:50","guid":{"rendered":"https:\/\/immomueller.de\/gb\/?p=647"},"modified":"2024-10-08T18:35:51","modified_gmt":"2024-10-08T16:35:51","slug":"allerperlen-dorfentwicklungsplan","status":"publish","type":"post","link":"https:\/\/immomueller.de\/gb\/2024\/10\/08\/allerperlen-dorfentwicklungsplan\/","title":{"rendered":"Allerperlen: Dorfentwicklungsplan"},"content":{"rendered":"\n<p>Den Dorfentwicklungsplan der &#8222;Dorfregion Allerperlen&#8220; findet ihr auf der Seite der Samtgemeinde Meinersen: <a href=\"https:\/\/www.sg-meinersen.de\/Samtgemeinde\/Gemeinde-M%C3%BCden-Aller-\/Dorfregion-Allerperlen\/Dorfentwicklungsplan\/\" data-type=\"link\" data-id=\"https:\/\/www.sg-meinersen.de\/Samtgemeinde\/Gemeinde-M%C3%BCden-Aller-\/Dorfregion-Allerperlen\/Dorfentwicklungsplan\/\">Link zur SG Meinersen<\/a><\/p>\n\n\n\n<p>Dort sind bereits Beschreibungen, Projektsteckbriefe und Karten aufgef\u00fchrt.<\/p>\n\n\n\n<p>Alle weiteren Informationen (Kleinprojekte, F\u00f6rderungen usw) zur &#8222;Dorfregion Allerperlen&#8220; sind auf folgender Seite zu finden: <a href=\"https:\/\/www.sg-meinersen.de\/Samtgemeinde\/Gemeinde-M%C3%BCden-Aller-\/Dorfregion-Allerperlen\/\" data-type=\"link\" data-id=\"https:\/\/www.sg-meinersen.de\/Samtgemeinde\/Gemeinde-M%C3%BCden-Aller-\/Dorfregion-Allerperlen\/\">Link zur SG Meinersen<\/a><\/p>\n\n\n\n<p>F\u00fcr die Neugestaltung des Dorfplatzes &#8222;Im Wildgarten&#8220; (Dorfentwicklung-Bericht Teil 2, S.12) wurde bereits ein \u00f6ffentlichter Antrag durch das Planungsteam &#8222;mensch und region, B\u00f6hm Kleine-Limberg GbR&#8220; gestellt.<\/p>\n\n\n\n<p><\/p>\n","protected":false},"excerpt":{"rendered":"<p>Den Dorfentwicklungsplan der &#8222;Dorfregion Allerperlen&#8220; findet ihr auf der Seite der Samtgemeinde Meinersen: Link zur SG Meinersen Dort sind bereits Beschreibungen, Projektsteckbriefe und Karten aufgef\u00fchrt. Alle weiteren Informationen (Kleinprojekte, F\u00f6rderungen usw) zur &#8222;Dorfregion Allerperlen&#8220; sind auf folgender Seite zu finden: Link zur SG Meinersen F\u00fcr die Neugestaltung des Dorfplatzes &#8222;Im Wildgarten&#8220; (Dorfentwicklung-Bericht Teil 2, S.12) [&hellip;]<\/p>\n","protected":false},"author":1,"featured_media":0,"comment_status":"open","ping_status":"open","sticky":false,"template":"","format":"standard","meta":{"footnotes":""},"categories":[1],"tags":[],"class_list":["post-647","post","type-post","status-publish","format-standard","hentry","category-allgemein"],"_links":{"self":[{"href":"https:\/\/immomueller.de\/gb\/wp-json\/wp\/v2\/posts\/647","targetHints":{"allow":["GET"]}}],"collection":[{"href":"https:\/\/immomueller.de\/gb\/wp-json\/wp\/v2\/posts"}],"about":[{"href":"https:\/\/immomueller.de\/gb\/wp-json\/wp\/v2\/types\/post"}],"author":[{"embeddable":true,"href":"https:\/\/immomueller.de\/gb\/wp-json\/wp\/v2\/users\/1"}],"replies":[{"embeddable":true,"href":"https:\/\/immomueller.de\/gb\/wp-json\/wp\/v2\/comments?post=647"}],"version-history":[{"count":1,"href":"https:\/\/immomueller.de\/gb\/wp-json\/wp\/v2\/posts\/647\/revisions"}],"predecessor-version":[{"id":648,"href":"https:\/\/immomueller.de\/gb\/wp-json\/wp\/v2\/posts\/647\/revisions\/648"}],"wp:attachment":[{"href":"https:\/\/immomueller.de\/gb\/wp-json\/wp\/v2\/media?parent=647"}],"wp:term":[{"taxonomy":"category","embeddable":true,"href":"https:\/\/immomueller.de\/gb\/wp-json\/wp\/v2\/categories?post=647"},{"taxonomy":"post_tag","embeddable":true,"href":"https:\/\/immomueller.de\/gb\/wp-json\/wp\/v2\/tags?post=647"}],"curies":[{"name":"wp","href":"https:\/\/api.w.org\/{rel}","templated":true}]}}