{"id":460,"date":"2023-11-18T00:21:41","date_gmt":"2023-11-17T23:21:41","guid":{"rendered":"https:\/\/immomueller.de\/gb\/?p=460"},"modified":"2023-11-18T10:13:02","modified_gmt":"2023-11-18T09:13:02","slug":"b-4-vollsperrung-soll-anfang-dezember-vorbei-sein","status":"publish","type":"post","link":"https:\/\/immomueller.de\/gb\/2023\/11\/18\/b-4-vollsperrung-soll-anfang-dezember-vorbei-sein\/","title":{"rendered":"B 4: Vollsperrung soll Anfang Dezember vorbei sein"},"content":{"rendered":"\n<p>Voraussichtlich wird die Umleitung Anfang Dezember aufgel\u00f6st und der Ort wird von dem erh\u00f6hten Durchgangsverkehr erl\u00f6st.<\/p>\n\n\n\n<p>Zitat aus der Aller-Zeitung vom 18.11.2023:<\/p>\n\n\n\n<p>Das Verwaltungsoberhaupt, B\u00fcrgermeister J\u00f6rg Mantei aus Wahrenholz ist zuversichtlich, dass die Vollsperrung der B4 bald \u00fcberstanden ist &#8211; zumindest wenn das Wetter nicht noch \u00fcbel rein hagele.<\/p>\n\n\n\n<figure class=\"wp-block-image size-full is-resized\"><img loading=\"lazy\" decoding=\"async\" width=\"576\" height=\"324\" src=\"https:\/\/immomueller.de\/gb\/wp-content\/uploads\/2023\/11\/umleitung102_v-variantBig16x9_w-576_zc-915c23fa.jpg\" alt=\"\" class=\"wp-image-464\" style=\"width:361px;height:auto\" srcset=\"https:\/\/immomueller.de\/gb\/wp-content\/uploads\/2023\/11\/umleitung102_v-variantBig16x9_w-576_zc-915c23fa.jpg 576w, https:\/\/immomueller.de\/gb\/wp-content\/uploads\/2023\/11\/umleitung102_v-variantBig16x9_w-576_zc-915c23fa-300x169.jpg 300w\" sizes=\"auto, (max-width: 576px) 100vw, 576px\" \/><\/figure>\n\n\n\n<p>Michael Peuke, Leiter der Landesbeh\u00f6rde f\u00fcr Stra\u00dfenbau und Verkehr in Wolfenb\u00fcttel,<br>best\u00e4tigte zu Beginn der Woche auf AZ-Anfrage, die B4 s\u00fcdlich der Kreiselbaustelle<br>Anfang Dezember freizugeben, wenn alles klappe. <\/p>\n\n\n\n<p>Mantei: ,,Wir sehen Licht am Ende des Tunnels.&#8220;<\/p>\n\n\n\n<p><\/p>\n","protected":false},"excerpt":{"rendered":"<p>Voraussichtlich wird die Umleitung Anfang Dezember aufgel\u00f6st und der Ort wird von dem erh\u00f6hten Durchgangsverkehr erl\u00f6st. Zitat aus der Aller-Zeitung vom 18.11.2023: Das Verwaltungsoberhaupt, B\u00fcrgermeister J\u00f6rg Mantei aus Wahrenholz ist zuversichtlich, dass die Vollsperrung der B4 bald \u00fcberstanden ist &#8211; zumindest wenn das Wetter nicht noch \u00fcbel rein hagele. Michael Peuke, Leiter der Landesbeh\u00f6rde f\u00fcr [&hellip;]<\/p>\n","protected":false},"author":1,"featured_media":0,"comment_status":"open","ping_status":"open","sticky":false,"template":"","format":"standard","meta":{"footnotes":""},"categories":[1],"tags":[],"class_list":["post-460","post","type-post","status-publish","format-standard","hentry","category-allgemein"],"_links":{"self":[{"href":"https:\/\/immomueller.de\/gb\/wp-json\/wp\/v2\/posts\/460","targetHints":{"allow":["GET"]}}],"collection":[{"href":"https:\/\/immomueller.de\/gb\/wp-json\/wp\/v2\/posts"}],"about":[{"href":"https:\/\/immomueller.de\/gb\/wp-json\/wp\/v2\/types\/post"}],"author":[{"embeddable":true,"href":"https:\/\/immomueller.de\/gb\/wp-json\/wp\/v2\/users\/1"}],"replies":[{"embeddable":true,"href":"https:\/\/immomueller.de\/gb\/wp-json\/wp\/v2\/comments?post=460"}],"version-history":[{"count":5,"href":"https:\/\/immomueller.de\/gb\/wp-json\/wp\/v2\/posts\/460\/revisions"}],"predecessor-version":[{"id":467,"href":"https:\/\/immomueller.de\/gb\/wp-json\/wp\/v2\/posts\/460\/revisions\/467"}],"wp:attachment":[{"href":"https:\/\/immomueller.de\/gb\/wp-json\/wp\/v2\/media?parent=460"}],"wp:term":[{"taxonomy":"category","embeddable":true,"href":"https:\/\/immomueller.de\/gb\/wp-json\/wp\/v2\/categories?post=460"},{"taxonomy":"post_tag","embeddable":true,"href":"https:\/\/immomueller.de\/gb\/wp-json\/wp\/v2\/tags?post=460"}],"curies":[{"name":"wp","href":"https:\/\/api.w.org\/{rel}","templated":true}]}}